{"id":2646,"date":"2019-07-12T16:13:26","date_gmt":"2019-07-12T14:13:26","guid":{"rendered":"https:\/\/frifri.be\/?p=2646"},"modified":"2025-06-03T15:05:33","modified_gmt":"2025-06-03T13:05:33","slug":"la-sorbetiere-sert-elle-juste-a-faire-des-sorbets","status":"publish","type":"post","link":"https:\/\/frifri.be\/fr\/faq\/la-sorbetiere-sert-elle-juste-a-faire-des-sorbets\/","title":{"rendered":"La sorbetie\u0300re sert-elle juste a\u0300 faire des sorbets ?"},"content":{"rendered":"\n<p>Des sorbets mais aussi de la glace et des cr\u00e8mes glac\u00e9es.<br>Et gr\u00e2ce \u00e0 son ouverture pratique, vous pouvez ajouter les ingr\u00e9dients de votre choix dans vos pr\u00e9parations pour varier les go\u00fbts \u00e0 l\u2019infini. <\/p>\n\n\n\n<p>Pour en savoir plus sur le fonctionnement de votre appareil : consultez le <a href=\"https:\/\/frifri.be\/fr\/modes-demploi\/\">mode d\u2019emploi<\/a>. <\/p>\n","protected":false},"excerpt":{"rendered":"<p>Des sorbets mais aussi de la glace et des cr\u00e8mes glac\u00e9es.Et gr\u00e2ce \u00e0 son ouverture pratique,&#8230; <span class=\"moreLink\"><a href=\"https:\/\/frifri.be\/fr\/faq\/la-sorbetiere-sert-elle-juste-a-faire-des-sorbets\/\">+<\/a><\/span><\/p>\n","protected":false},"author":4,"featured_media":0,"comment_status":"closed","ping_status":"closed","sticky":false,"template":"","format":"standard","meta":{"_acf_changed":false,"footnotes":""},"categories":[534,541],"tags":[],"class_list":["post-2646","post","type-post","status-publish","format-standard","hentry","category-faq","category-faq-la-sorbetiere"],"acf":[],"yoast_head":"<!-- This site is optimized with the Yoast SEO plugin v27.3 - https:\/\/yoast.com\/product\/yoast-seo-wordpress\/ -->\n<title>La sorbetie\u0300re sert-elle juste a\u0300 faire des sorbets ? - FAQ - Frifri Belgium<\/title>\n<meta name=\"description\" content=\"Des sorbets mais aussi de la glace et des cr\u00e8mes glac\u00e9es.Et gr\u00e2ce \u00e0 son ouverture pratique, vous pouvez ajouter les ingr\u00e9dients de votre ...\" \/>\n<meta name=\"robots\" content=\"index, follow, max-snippet:-1, max-image-preview:large, max-video-preview:-1\" \/>\n<link rel=\"canonical\" href=\"https:\/\/frifri.be\/fr\/faq\/la-sorbetiere-sert-elle-juste-a-faire-des-sorbets\/\" \/>\n<meta property=\"og:locale\" content=\"fr_FR\" \/>\n<meta property=\"og:type\" content=\"article\" \/>\n<meta property=\"og:title\" content=\"La sorbetie\u0300re sert-elle juste a\u0300 faire des sorbets ? - FAQ - Frifri Belgium\" \/>\n<meta property=\"og:description\" content=\"Des sorbets mais aussi de la glace et des cr\u00e8mes glac\u00e9es.Et gr\u00e2ce \u00e0 son ouverture pratique, vous pouvez ajouter les ingr\u00e9dients de votre ...\" \/>\n<meta property=\"og:url\" content=\"https:\/\/frifri.be\/fr\/faq\/la-sorbetiere-sert-elle-juste-a-faire-des-sorbets\/\" \/>\n<meta property=\"og:site_name\" content=\"Frifri Belgium\" \/>\n<meta property=\"article:published_time\" content=\"2019-07-12T14:13:26+00:00\" \/>\n<meta property=\"article:modified_time\" content=\"2025-06-03T13:05:33+00:00\" \/>\n<meta name=\"author\" content=\"C\u00e9dric Couvreur\" \/>\n<meta name=\"twitter:card\" content=\"summary_large_image\" \/>\n<meta name=\"twitter:label1\" content=\"\u00c9crit par\" \/>\n\t<meta name=\"twitter:data1\" content=\"C\u00e9dric Couvreur\" \/>\n<script type=\"application\/ld+json\" class=\"yoast-schema-graph\">{\"@context\":\"https:\\\/\\\/schema.org\",\"@graph\":[{\"@type\":\"Article\",\"@id\":\"https:\\\/\\\/frifri.be\\\/fr\\\/faq\\\/la-sorbetiere-sert-elle-juste-a-faire-des-sorbets\\\/#article\",\"isPartOf\":{\"@id\":\"https:\\\/\\\/frifri.be\\\/fr\\\/faq\\\/la-sorbetiere-sert-elle-juste-a-faire-des-sorbets\\\/\"},\"author\":{\"name\":\"C\u00e9dric Couvreur\",\"@id\":\"https:\\\/\\\/frifri.be\\\/fr\\\/#\\\/schema\\\/person\\\/c368916cc18d6127af10cb0a9be9ac19\"},\"headline\":\"La sorbetie\u0300re sert-elle juste a\u0300 faire des sorbets ?\",\"datePublished\":\"2019-07-12T14:13:26+00:00\",\"dateModified\":\"2025-06-03T13:05:33+00:00\",\"mainEntityOfPage\":{\"@id\":\"https:\\\/\\\/frifri.be\\\/fr\\\/faq\\\/la-sorbetiere-sert-elle-juste-a-faire-des-sorbets\\\/\"},\"wordCount\":63,\"articleSection\":[\"FAQ\",\"FAQ - Les Sorbeti\u00e8res\"],\"inLanguage\":\"fr-FR\"},{\"@type\":\"WebPage\",\"@id\":\"https:\\\/\\\/frifri.be\\\/fr\\\/faq\\\/la-sorbetiere-sert-elle-juste-a-faire-des-sorbets\\\/\",\"url\":\"https:\\\/\\\/frifri.be\\\/fr\\\/faq\\\/la-sorbetiere-sert-elle-juste-a-faire-des-sorbets\\\/\",\"name\":\"La sorbetie\u0300re sert-elle juste a\u0300 faire des sorbets ? - FAQ - Frifri Belgium\",\"isPartOf\":{\"@id\":\"https:\\\/\\\/frifri.be\\\/fr\\\/#website\"},\"datePublished\":\"2019-07-12T14:13:26+00:00\",\"dateModified\":\"2025-06-03T13:05:33+00:00\",\"author\":{\"@id\":\"https:\\\/\\\/frifri.be\\\/fr\\\/#\\\/schema\\\/person\\\/c368916cc18d6127af10cb0a9be9ac19\"},\"description\":\"Des sorbets mais aussi de la glace et des cr\u00e8mes glac\u00e9es.Et gr\u00e2ce \u00e0 son ouverture pratique, vous pouvez ajouter les ingr\u00e9dients de votre ...\",\"breadcrumb\":{\"@id\":\"https:\\\/\\\/frifri.be\\\/fr\\\/faq\\\/la-sorbetiere-sert-elle-juste-a-faire-des-sorbets\\\/#breadcrumb\"},\"inLanguage\":\"fr-FR\",\"potentialAction\":[{\"@type\":\"ReadAction\",\"target\":[\"https:\\\/\\\/frifri.be\\\/fr\\\/faq\\\/la-sorbetiere-sert-elle-juste-a-faire-des-sorbets\\\/\"]}]},{\"@type\":\"BreadcrumbList\",\"@id\":\"https:\\\/\\\/frifri.be\\\/fr\\\/faq\\\/la-sorbetiere-sert-elle-juste-a-faire-des-sorbets\\\/#breadcrumb\",\"itemListElement\":[{\"@type\":\"ListItem\",\"position\":1,\"name\":\"Home\",\"item\":\"https:\\\/\\\/frifri.be\\\/fr\\\/frifri\\\/\"},{\"@type\":\"ListItem\",\"position\":2,\"name\":\"FAQ\",\"item\":\"https:\\\/\\\/frifri.be\\\/fr\\\/categorie\\\/faq\\\/\"},{\"@type\":\"ListItem\",\"position\":3,\"name\":\"La sorbetie\u0300re sert-elle juste a\u0300 faire des sorbets ?\"}]},{\"@type\":\"WebSite\",\"@id\":\"https:\\\/\\\/frifri.be\\\/fr\\\/#website\",\"url\":\"https:\\\/\\\/frifri.be\\\/fr\\\/\",\"name\":\"Frifri Belgium\",\"description\":\"frifri Shop Belgium\",\"potentialAction\":[{\"@type\":\"SearchAction\",\"target\":{\"@type\":\"EntryPoint\",\"urlTemplate\":\"https:\\\/\\\/frifri.be\\\/fr\\\/?s={search_term_string}\"},\"query-input\":{\"@type\":\"PropertyValueSpecification\",\"valueRequired\":true,\"valueName\":\"search_term_string\"}}],\"inLanguage\":\"fr-FR\"},{\"@type\":\"Person\",\"@id\":\"https:\\\/\\\/frifri.be\\\/fr\\\/#\\\/schema\\\/person\\\/c368916cc18d6127af10cb0a9be9ac19\",\"name\":\"C\u00e9dric Couvreur\",\"url\":\"https:\\\/\\\/frifri.be\\\/fr\\\/author\\\/cedric\\\/\"}]}<\/script>\n<!-- \/ Yoast SEO plugin. -->","yoast_head_json":{"title":"La sorbetie\u0300re sert-elle juste a\u0300 faire des sorbets ? - FAQ - Frifri Belgium","description":"Des sorbets mais aussi de la glace et des cr\u00e8mes glac\u00e9es.Et gr\u00e2ce \u00e0 son ouverture pratique, vous pouvez ajouter les ingr\u00e9dients de votre ...","robots":{"index":"index","follow":"follow","max-snippet":"max-snippet:-1","max-image-preview":"max-image-preview:large","max-video-preview":"max-video-preview:-1"},"canonical":"https:\/\/frifri.be\/fr\/faq\/la-sorbetiere-sert-elle-juste-a-faire-des-sorbets\/","og_locale":"fr_FR","og_type":"article","og_title":"La sorbetie\u0300re sert-elle juste a\u0300 faire des sorbets ? - FAQ - Frifri Belgium","og_description":"Des sorbets mais aussi de la glace et des cr\u00e8mes glac\u00e9es.Et gr\u00e2ce \u00e0 son ouverture pratique, vous pouvez ajouter les ingr\u00e9dients de votre ...","og_url":"https:\/\/frifri.be\/fr\/faq\/la-sorbetiere-sert-elle-juste-a-faire-des-sorbets\/","og_site_name":"Frifri Belgium","article_published_time":"2019-07-12T14:13:26+00:00","article_modified_time":"2025-06-03T13:05:33+00:00","author":"C\u00e9dric Couvreur","twitter_card":"summary_large_image","twitter_misc":{"\u00c9crit par":"C\u00e9dric Couvreur"},"schema":{"@context":"https:\/\/schema.org","@graph":[{"@type":"Article","@id":"https:\/\/frifri.be\/fr\/faq\/la-sorbetiere-sert-elle-juste-a-faire-des-sorbets\/#article","isPartOf":{"@id":"https:\/\/frifri.be\/fr\/faq\/la-sorbetiere-sert-elle-juste-a-faire-des-sorbets\/"},"author":{"name":"C\u00e9dric Couvreur","@id":"https:\/\/frifri.be\/fr\/#\/schema\/person\/c368916cc18d6127af10cb0a9be9ac19"},"headline":"La sorbetie\u0300re sert-elle juste a\u0300 faire des sorbets ?","datePublished":"2019-07-12T14:13:26+00:00","dateModified":"2025-06-03T13:05:33+00:00","mainEntityOfPage":{"@id":"https:\/\/frifri.be\/fr\/faq\/la-sorbetiere-sert-elle-juste-a-faire-des-sorbets\/"},"wordCount":63,"articleSection":["FAQ","FAQ - Les Sorbeti\u00e8res"],"inLanguage":"fr-FR"},{"@type":"WebPage","@id":"https:\/\/frifri.be\/fr\/faq\/la-sorbetiere-sert-elle-juste-a-faire-des-sorbets\/","url":"https:\/\/frifri.be\/fr\/faq\/la-sorbetiere-sert-elle-juste-a-faire-des-sorbets\/","name":"La sorbetie\u0300re sert-elle juste a\u0300 faire des sorbets ? - FAQ - Frifri Belgium","isPartOf":{"@id":"https:\/\/frifri.be\/fr\/#website"},"datePublished":"2019-07-12T14:13:26+00:00","dateModified":"2025-06-03T13:05:33+00:00","author":{"@id":"https:\/\/frifri.be\/fr\/#\/schema\/person\/c368916cc18d6127af10cb0a9be9ac19"},"description":"Des sorbets mais aussi de la glace et des cr\u00e8mes glac\u00e9es.Et gr\u00e2ce \u00e0 son ouverture pratique, vous pouvez ajouter les ingr\u00e9dients de votre ...","breadcrumb":{"@id":"https:\/\/frifri.be\/fr\/faq\/la-sorbetiere-sert-elle-juste-a-faire-des-sorbets\/#breadcrumb"},"inLanguage":"fr-FR","potentialAction":[{"@type":"ReadAction","target":["https:\/\/frifri.be\/fr\/faq\/la-sorbetiere-sert-elle-juste-a-faire-des-sorbets\/"]}]},{"@type":"BreadcrumbList","@id":"https:\/\/frifri.be\/fr\/faq\/la-sorbetiere-sert-elle-juste-a-faire-des-sorbets\/#breadcrumb","itemListElement":[{"@type":"ListItem","position":1,"name":"Home","item":"https:\/\/frifri.be\/fr\/frifri\/"},{"@type":"ListItem","position":2,"name":"FAQ","item":"https:\/\/frifri.be\/fr\/categorie\/faq\/"},{"@type":"ListItem","position":3,"name":"La sorbetie\u0300re sert-elle juste a\u0300 faire des sorbets ?"}]},{"@type":"WebSite","@id":"https:\/\/frifri.be\/fr\/#website","url":"https:\/\/frifri.be\/fr\/","name":"Frifri Belgium","description":"frifri Shop Belgium","potentialAction":[{"@type":"SearchAction","target":{"@type":"EntryPoint","urlTemplate":"https:\/\/frifri.be\/fr\/?s={search_term_string}"},"query-input":{"@type":"PropertyValueSpecification","valueRequired":true,"valueName":"search_term_string"}}],"inLanguage":"fr-FR"},{"@type":"Person","@id":"https:\/\/frifri.be\/fr\/#\/schema\/person\/c368916cc18d6127af10cb0a9be9ac19","name":"C\u00e9dric Couvreur","url":"https:\/\/frifri.be\/fr\/author\/cedric\/"}]}},"_links":{"self":[{"href":"https:\/\/frifri.be\/fr\/wp-json\/wp\/v2\/posts\/2646","targetHints":{"allow":["GET"]}}],"collection":[{"href":"https:\/\/frifri.be\/fr\/wp-json\/wp\/v2\/posts"}],"about":[{"href":"https:\/\/frifri.be\/fr\/wp-json\/wp\/v2\/types\/post"}],"author":[{"embeddable":true,"href":"https:\/\/frifri.be\/fr\/wp-json\/wp\/v2\/users\/4"}],"replies":[{"embeddable":true,"href":"https:\/\/frifri.be\/fr\/wp-json\/wp\/v2\/comments?post=2646"}],"version-history":[{"count":1,"href":"https:\/\/frifri.be\/fr\/wp-json\/wp\/v2\/posts\/2646\/revisions"}],"predecessor-version":[{"id":69139,"href":"https:\/\/frifri.be\/fr\/wp-json\/wp\/v2\/posts\/2646\/revisions\/69139"}],"wp:attachment":[{"href":"https:\/\/frifri.be\/fr\/wp-json\/wp\/v2\/media?parent=2646"}],"wp:term":[{"taxonomy":"category","embeddable":true,"href":"https:\/\/frifri.be\/fr\/wp-json\/wp\/v2\/categories?post=2646"},{"taxonomy":"post_tag","embeddable":true,"href":"https:\/\/frifri.be\/fr\/wp-json\/wp\/v2\/tags?post=2646"}],"curies":[{"name":"wp","href":"https:\/\/api.w.org\/{rel}","templated":true}]}}