{"id":3214,"date":"2019-07-16T14:40:18","date_gmt":"2019-07-16T12:40:18","guid":{"rendered":"https:\/\/frifri.be\/?p=3214"},"modified":"2025-06-03T15:05:27","modified_gmt":"2025-06-03T13:05:27","slug":"choux-de-bruxelles-rotis-au-petit-lard-sauce-au-citron-et-au-thym","status":"publish","type":"post","link":"https:\/\/frifri.be\/fr\/recettes\/recettes-friteuse-vintageretro\/choux-de-bruxelles-rotis-au-petit-lard-sauce-au-citron-et-au-thym\/","title":{"rendered":"Choux de Bruxelles r\u00f4tis au petit lard, sauce au citron et au thym"},"content":{"rendered":"\n<ol class=\"wp-block-list\"><li>Coupez les choux de Bruxelles en deux et \u00f4tez les feuilles des extr\u00e9mit\u00e9s.<\/li><li>Dans un r\u00e9cipient, m\u00e9langez les demi choux de Bruxelles et l\u2019huile v\u00e9g\u00e9tale. Assaisonnez de sel et de poivre \u00e0 votre convenance. <\/li><li>M\u00e9langez bien le tout et versez la pr\u00e9paration dans le panier de votre friteuse sans huile Frifri. <\/li><li>Ajustez le temps de cuisson \u00e0 7 minutes et la temp\u00e9rature sur 200\u00b0C<\/li><li>D\u00e8s que le signal sonore retentit, ouvrez le tiroir et ajoutez les lardons allumettes \u00e0 la pr\u00e9paration. <\/li><li>M\u00e9langez bien le tout, puis refermez le tiroir. Ajustez le temps de cuisson \u00e0 7 minutes et la temp\u00e9rature sur 200\u00b0C<\/li><li>Pendant ce temps, pr\u00e9parez la vinaigrette. Versez tous les ingr\u00e9dients de la vinaigrette dans un blender ou mixer le tout \u00e0 l\u2019aide d\u2019un mixeur plongeant.<\/li><li>Versez la sauce dans un petit bol et d\u00e9gustez vos choux de Bruxelles r\u00f4tis en les trempant un \u00e0 un dans la vinaigrette.<\/li><\/ol>\n\n\n\n<div class=\"wp-block-image\"><figure class=\"aligncenter\"><a href=\"https:\/\/frifri.be\/wp-content\/uploads\/2019\/07\/Frifri_Airfryer_Rece_5_3.jpg\"><img loading=\"lazy\" decoding=\"async\" width=\"500\" height=\"332\" src=\"https:\/\/frifri.be\/wp-content\/uploads\/2019\/07\/Frifri_Airfryer_Rece_5_3.jpg\" alt=\"\" class=\"wp-image-3217\" srcset=\"https:\/\/frifri.be\/wp-content\/uploads\/2019\/07\/Frifri_Airfryer_Rece_5_3.jpg 500w, https:\/\/frifri.be\/wp-content\/uploads\/2019\/07\/Frifri_Airfryer_Rece_5_3-300x199.jpg 300w, https:\/\/frifri.be\/wp-content\/uploads\/2019\/07\/Frifri_Airfryer_Rece_5_3-400x266.jpg 400w, https:\/\/frifri.be\/wp-content\/uploads\/2019\/07\/Frifri_Airfryer_Rece_5_3-64x42.jpg 64w\" sizes=\"auto, (max-width: 500px) 100vw, 500px\" \/><\/a><\/figure><\/div>\n","protected":false},"excerpt":{"rendered":"<p>Coupez les choux de Bruxelles en deux et \u00f4tez les feuilles des extr\u00e9mit\u00e9s. Dans un r\u00e9cipient,&#8230; <span class=\"moreLink\"><a href=\"https:\/\/frifri.be\/fr\/recettes\/recettes-friteuse-vintageretro\/choux-de-bruxelles-rotis-au-petit-lard-sauce-au-citron-et-au-thym\/\">+<\/a><\/span><\/p>\n","protected":false},"author":4,"featured_media":3215,"comment_status":"closed","ping_status":"closed","sticky":false,"template":"","format":"standard","meta":{"_acf_changed":false,"footnotes":""},"categories":[269,643],"tags":[],"class_list":["post-3214","post","type-post","status-publish","format-standard","has-post-thumbnail","hentry","category-recettes","category-recettes-friteuse-vintageretro"],"acf":[],"yoast_head":"<!-- This site is optimized with the Yoast SEO plugin v27.3 - https:\/\/yoast.com\/product\/yoast-seo-wordpress\/ -->\n<title>Choux de Bruxelles - Recettes - Les Friteuses Vintage et Retro - Frifri Belgium<\/title>\n<meta name=\"description\" content=\"Coupez les choux de Bruxelles en deux et \u00f4tez les feuilles des extr\u00e9mit\u00e9s. Dans un r\u00e9cipient, m\u00e9langez les demi choux de Bruxelles et ...\" \/>\n<meta name=\"robots\" content=\"index, follow, max-snippet:-1, max-image-preview:large, max-video-preview:-1\" \/>\n<link rel=\"canonical\" href=\"https:\/\/frifri.be\/fr\/recettes\/recettes-friteuse-vintageretro\/choux-de-bruxelles-rotis-au-petit-lard-sauce-au-citron-et-au-thym\/\" \/>\n<meta property=\"og:locale\" content=\"fr_FR\" \/>\n<meta property=\"og:type\" content=\"article\" \/>\n<meta property=\"og:title\" content=\"Choux de Bruxelles - Recettes - Les Friteuses Vintage et Retro - Frifri Belgium\" \/>\n<meta property=\"og:description\" content=\"Coupez les choux de Bruxelles en deux et \u00f4tez les feuilles des extr\u00e9mit\u00e9s. Dans un r\u00e9cipient, m\u00e9langez les demi choux de Bruxelles et ...\" \/>\n<meta property=\"og:url\" content=\"https:\/\/frifri.be\/fr\/recettes\/recettes-friteuse-vintageretro\/choux-de-bruxelles-rotis-au-petit-lard-sauce-au-citron-et-au-thym\/\" \/>\n<meta property=\"og:site_name\" content=\"Frifri Belgium\" \/>\n<meta property=\"article:published_time\" content=\"2019-07-16T12:40:18+00:00\" \/>\n<meta property=\"article:modified_time\" content=\"2025-06-03T13:05:27+00:00\" \/>\n<meta property=\"og:image\" content=\"https:\/\/frifri.be\/wp-content\/uploads\/2019\/07\/Frifri_Airfryer_Rece_5_2.jpg\" \/>\n\t<meta property=\"og:image:width\" content=\"1600\" \/>\n\t<meta property=\"og:image:height\" content=\"1067\" \/>\n\t<meta property=\"og:image:type\" content=\"image\/jpeg\" \/>\n<meta name=\"author\" content=\"C\u00e9dric Couvreur\" \/>\n<meta name=\"twitter:card\" content=\"summary_large_image\" \/>\n<meta name=\"twitter:label1\" content=\"\u00c9crit par\" \/>\n\t<meta name=\"twitter:data1\" content=\"C\u00e9dric Couvreur\" \/>\n\t<meta name=\"twitter:label2\" content=\"Dur\u00e9e de lecture estim\u00e9e\" \/>\n\t<meta name=\"twitter:data2\" content=\"1 minute\" \/>\n<script type=\"application\/ld+json\" class=\"yoast-schema-graph\">{\"@context\":\"https:\\\/\\\/schema.org\",\"@graph\":[{\"@type\":\"Article\",\"@id\":\"https:\\\/\\\/frifri.be\\\/fr\\\/recettes\\\/recettes-friteuse-vintageretro\\\/choux-de-bruxelles-rotis-au-petit-lard-sauce-au-citron-et-au-thym\\\/#article\",\"isPartOf\":{\"@id\":\"https:\\\/\\\/frifri.be\\\/fr\\\/recettes\\\/recettes-friteuse-vintageretro\\\/choux-de-bruxelles-rotis-au-petit-lard-sauce-au-citron-et-au-thym\\\/\"},\"author\":{\"name\":\"C\u00e9dric Couvreur\",\"@id\":\"https:\\\/\\\/frifri.be\\\/fr\\\/#\\\/schema\\\/person\\\/c368916cc18d6127af10cb0a9be9ac19\"},\"headline\":\"Choux de Bruxelles r\u00f4tis au petit lard, sauce au citron et au thym\",\"datePublished\":\"2019-07-16T12:40:18+00:00\",\"dateModified\":\"2025-06-03T13:05:27+00:00\",\"mainEntityOfPage\":{\"@id\":\"https:\\\/\\\/frifri.be\\\/fr\\\/recettes\\\/recettes-friteuse-vintageretro\\\/choux-de-bruxelles-rotis-au-petit-lard-sauce-au-citron-et-au-thym\\\/\"},\"wordCount\":176,\"image\":{\"@id\":\"https:\\\/\\\/frifri.be\\\/fr\\\/recettes\\\/recettes-friteuse-vintageretro\\\/choux-de-bruxelles-rotis-au-petit-lard-sauce-au-citron-et-au-thym\\\/#primaryimage\"},\"thumbnailUrl\":\"https:\\\/\\\/frifri.be\\\/wp-content\\\/uploads\\\/2019\\\/07\\\/Frifri_Airfryer_Rece_5_2.jpg\",\"articleSection\":[\"Nos recettes\",\"Recettes - Les Friteuses Vintage et Retro\"],\"inLanguage\":\"fr-FR\"},{\"@type\":\"WebPage\",\"@id\":\"https:\\\/\\\/frifri.be\\\/fr\\\/recettes\\\/recettes-friteuse-vintageretro\\\/choux-de-bruxelles-rotis-au-petit-lard-sauce-au-citron-et-au-thym\\\/\",\"url\":\"https:\\\/\\\/frifri.be\\\/fr\\\/recettes\\\/recettes-friteuse-vintageretro\\\/choux-de-bruxelles-rotis-au-petit-lard-sauce-au-citron-et-au-thym\\\/\",\"name\":\"Choux de Bruxelles - Recettes - Les Friteuses Vintage et Retro - Frifri Belgium\",\"isPartOf\":{\"@id\":\"https:\\\/\\\/frifri.be\\\/fr\\\/#website\"},\"primaryImageOfPage\":{\"@id\":\"https:\\\/\\\/frifri.be\\\/fr\\\/recettes\\\/recettes-friteuse-vintageretro\\\/choux-de-bruxelles-rotis-au-petit-lard-sauce-au-citron-et-au-thym\\\/#primaryimage\"},\"image\":{\"@id\":\"https:\\\/\\\/frifri.be\\\/fr\\\/recettes\\\/recettes-friteuse-vintageretro\\\/choux-de-bruxelles-rotis-au-petit-lard-sauce-au-citron-et-au-thym\\\/#primaryimage\"},\"thumbnailUrl\":\"https:\\\/\\\/frifri.be\\\/wp-content\\\/uploads\\\/2019\\\/07\\\/Frifri_Airfryer_Rece_5_2.jpg\",\"datePublished\":\"2019-07-16T12:40:18+00:00\",\"dateModified\":\"2025-06-03T13:05:27+00:00\",\"author\":{\"@id\":\"https:\\\/\\\/frifri.be\\\/fr\\\/#\\\/schema\\\/person\\\/c368916cc18d6127af10cb0a9be9ac19\"},\"description\":\"Coupez les choux de Bruxelles en deux et \u00f4tez les feuilles des extr\u00e9mit\u00e9s. Dans un r\u00e9cipient, m\u00e9langez les demi choux de Bruxelles et ...\",\"breadcrumb\":{\"@id\":\"https:\\\/\\\/frifri.be\\\/fr\\\/recettes\\\/recettes-friteuse-vintageretro\\\/choux-de-bruxelles-rotis-au-petit-lard-sauce-au-citron-et-au-thym\\\/#breadcrumb\"},\"inLanguage\":\"fr-FR\",\"potentialAction\":[{\"@type\":\"ReadAction\",\"target\":[\"https:\\\/\\\/frifri.be\\\/fr\\\/recettes\\\/recettes-friteuse-vintageretro\\\/choux-de-bruxelles-rotis-au-petit-lard-sauce-au-citron-et-au-thym\\\/\"]}]},{\"@type\":\"ImageObject\",\"inLanguage\":\"fr-FR\",\"@id\":\"https:\\\/\\\/frifri.be\\\/fr\\\/recettes\\\/recettes-friteuse-vintageretro\\\/choux-de-bruxelles-rotis-au-petit-lard-sauce-au-citron-et-au-thym\\\/#primaryimage\",\"url\":\"https:\\\/\\\/frifri.be\\\/wp-content\\\/uploads\\\/2019\\\/07\\\/Frifri_Airfryer_Rece_5_2.jpg\",\"contentUrl\":\"https:\\\/\\\/frifri.be\\\/wp-content\\\/uploads\\\/2019\\\/07\\\/Frifri_Airfryer_Rece_5_2.jpg\",\"width\":1600,\"height\":1067},{\"@type\":\"BreadcrumbList\",\"@id\":\"https:\\\/\\\/frifri.be\\\/fr\\\/recettes\\\/recettes-friteuse-vintageretro\\\/choux-de-bruxelles-rotis-au-petit-lard-sauce-au-citron-et-au-thym\\\/#breadcrumb\",\"itemListElement\":[{\"@type\":\"ListItem\",\"position\":1,\"name\":\"Home\",\"item\":\"https:\\\/\\\/frifri.be\\\/fr\\\/frifri\\\/\"},{\"@type\":\"ListItem\",\"position\":2,\"name\":\"Nos recettes\",\"item\":\"https:\\\/\\\/frifri.be\\\/fr\\\/categorie\\\/recettes\\\/\"},{\"@type\":\"ListItem\",\"position\":3,\"name\":\"Recettes - Les Friteuses Vintage et Retro\",\"item\":\"https:\\\/\\\/frifri.be\\\/fr\\\/categorie\\\/recettes\\\/recettes-friteuse-vintageretro\\\/\"},{\"@type\":\"ListItem\",\"position\":4,\"name\":\"Choux de Bruxelles r\u00f4tis au petit lard, sauce au citron et au thym\"}]},{\"@type\":\"WebSite\",\"@id\":\"https:\\\/\\\/frifri.be\\\/fr\\\/#website\",\"url\":\"https:\\\/\\\/frifri.be\\\/fr\\\/\",\"name\":\"Frifri Belgium\",\"description\":\"frifri Shop Belgium\",\"potentialAction\":[{\"@type\":\"SearchAction\",\"target\":{\"@type\":\"EntryPoint\",\"urlTemplate\":\"https:\\\/\\\/frifri.be\\\/fr\\\/?s={search_term_string}\"},\"query-input\":{\"@type\":\"PropertyValueSpecification\",\"valueRequired\":true,\"valueName\":\"search_term_string\"}}],\"inLanguage\":\"fr-FR\"},{\"@type\":\"Person\",\"@id\":\"https:\\\/\\\/frifri.be\\\/fr\\\/#\\\/schema\\\/person\\\/c368916cc18d6127af10cb0a9be9ac19\",\"name\":\"C\u00e9dric Couvreur\",\"url\":\"https:\\\/\\\/frifri.be\\\/fr\\\/author\\\/cedric\\\/\"}]}<\/script>\n<!-- \/ Yoast SEO plugin. -->","yoast_head_json":{"title":"Choux de Bruxelles - Recettes - Les Friteuses Vintage et Retro - Frifri Belgium","description":"Coupez les choux de Bruxelles en deux et \u00f4tez les feuilles des extr\u00e9mit\u00e9s. Dans un r\u00e9cipient, m\u00e9langez les demi choux de Bruxelles et ...","robots":{"index":"index","follow":"follow","max-snippet":"max-snippet:-1","max-image-preview":"max-image-preview:large","max-video-preview":"max-video-preview:-1"},"canonical":"https:\/\/frifri.be\/fr\/recettes\/recettes-friteuse-vintageretro\/choux-de-bruxelles-rotis-au-petit-lard-sauce-au-citron-et-au-thym\/","og_locale":"fr_FR","og_type":"article","og_title":"Choux de Bruxelles - Recettes - Les Friteuses Vintage et Retro - Frifri Belgium","og_description":"Coupez les choux de Bruxelles en deux et \u00f4tez les feuilles des extr\u00e9mit\u00e9s. Dans un r\u00e9cipient, m\u00e9langez les demi choux de Bruxelles et ...","og_url":"https:\/\/frifri.be\/fr\/recettes\/recettes-friteuse-vintageretro\/choux-de-bruxelles-rotis-au-petit-lard-sauce-au-citron-et-au-thym\/","og_site_name":"Frifri Belgium","article_published_time":"2019-07-16T12:40:18+00:00","article_modified_time":"2025-06-03T13:05:27+00:00","og_image":[{"width":1600,"height":1067,"url":"https:\/\/frifri.be\/wp-content\/uploads\/2019\/07\/Frifri_Airfryer_Rece_5_2.jpg","type":"image\/jpeg"}],"author":"C\u00e9dric Couvreur","twitter_card":"summary_large_image","twitter_misc":{"\u00c9crit par":"C\u00e9dric Couvreur","Dur\u00e9e de lecture estim\u00e9e":"1 minute"},"schema":{"@context":"https:\/\/schema.org","@graph":[{"@type":"Article","@id":"https:\/\/frifri.be\/fr\/recettes\/recettes-friteuse-vintageretro\/choux-de-bruxelles-rotis-au-petit-lard-sauce-au-citron-et-au-thym\/#article","isPartOf":{"@id":"https:\/\/frifri.be\/fr\/recettes\/recettes-friteuse-vintageretro\/choux-de-bruxelles-rotis-au-petit-lard-sauce-au-citron-et-au-thym\/"},"author":{"name":"C\u00e9dric Couvreur","@id":"https:\/\/frifri.be\/fr\/#\/schema\/person\/c368916cc18d6127af10cb0a9be9ac19"},"headline":"Choux de Bruxelles r\u00f4tis au petit lard, sauce au citron et au thym","datePublished":"2019-07-16T12:40:18+00:00","dateModified":"2025-06-03T13:05:27+00:00","mainEntityOfPage":{"@id":"https:\/\/frifri.be\/fr\/recettes\/recettes-friteuse-vintageretro\/choux-de-bruxelles-rotis-au-petit-lard-sauce-au-citron-et-au-thym\/"},"wordCount":176,"image":{"@id":"https:\/\/frifri.be\/fr\/recettes\/recettes-friteuse-vintageretro\/choux-de-bruxelles-rotis-au-petit-lard-sauce-au-citron-et-au-thym\/#primaryimage"},"thumbnailUrl":"https:\/\/frifri.be\/wp-content\/uploads\/2019\/07\/Frifri_Airfryer_Rece_5_2.jpg","articleSection":["Nos recettes","Recettes - Les Friteuses Vintage et Retro"],"inLanguage":"fr-FR"},{"@type":"WebPage","@id":"https:\/\/frifri.be\/fr\/recettes\/recettes-friteuse-vintageretro\/choux-de-bruxelles-rotis-au-petit-lard-sauce-au-citron-et-au-thym\/","url":"https:\/\/frifri.be\/fr\/recettes\/recettes-friteuse-vintageretro\/choux-de-bruxelles-rotis-au-petit-lard-sauce-au-citron-et-au-thym\/","name":"Choux de Bruxelles - Recettes - Les Friteuses Vintage et Retro - Frifri Belgium","isPartOf":{"@id":"https:\/\/frifri.be\/fr\/#website"},"primaryImageOfPage":{"@id":"https:\/\/frifri.be\/fr\/recettes\/recettes-friteuse-vintageretro\/choux-de-bruxelles-rotis-au-petit-lard-sauce-au-citron-et-au-thym\/#primaryimage"},"image":{"@id":"https:\/\/frifri.be\/fr\/recettes\/recettes-friteuse-vintageretro\/choux-de-bruxelles-rotis-au-petit-lard-sauce-au-citron-et-au-thym\/#primaryimage"},"thumbnailUrl":"https:\/\/frifri.be\/wp-content\/uploads\/2019\/07\/Frifri_Airfryer_Rece_5_2.jpg","datePublished":"2019-07-16T12:40:18+00:00","dateModified":"2025-06-03T13:05:27+00:00","author":{"@id":"https:\/\/frifri.be\/fr\/#\/schema\/person\/c368916cc18d6127af10cb0a9be9ac19"},"description":"Coupez les choux de Bruxelles en deux et \u00f4tez les feuilles des extr\u00e9mit\u00e9s. Dans un r\u00e9cipient, m\u00e9langez les demi choux de Bruxelles et ...","breadcrumb":{"@id":"https:\/\/frifri.be\/fr\/recettes\/recettes-friteuse-vintageretro\/choux-de-bruxelles-rotis-au-petit-lard-sauce-au-citron-et-au-thym\/#breadcrumb"},"inLanguage":"fr-FR","potentialAction":[{"@type":"ReadAction","target":["https:\/\/frifri.be\/fr\/recettes\/recettes-friteuse-vintageretro\/choux-de-bruxelles-rotis-au-petit-lard-sauce-au-citron-et-au-thym\/"]}]},{"@type":"ImageObject","inLanguage":"fr-FR","@id":"https:\/\/frifri.be\/fr\/recettes\/recettes-friteuse-vintageretro\/choux-de-bruxelles-rotis-au-petit-lard-sauce-au-citron-et-au-thym\/#primaryimage","url":"https:\/\/frifri.be\/wp-content\/uploads\/2019\/07\/Frifri_Airfryer_Rece_5_2.jpg","contentUrl":"https:\/\/frifri.be\/wp-content\/uploads\/2019\/07\/Frifri_Airfryer_Rece_5_2.jpg","width":1600,"height":1067},{"@type":"BreadcrumbList","@id":"https:\/\/frifri.be\/fr\/recettes\/recettes-friteuse-vintageretro\/choux-de-bruxelles-rotis-au-petit-lard-sauce-au-citron-et-au-thym\/#breadcrumb","itemListElement":[{"@type":"ListItem","position":1,"name":"Home","item":"https:\/\/frifri.be\/fr\/frifri\/"},{"@type":"ListItem","position":2,"name":"Nos recettes","item":"https:\/\/frifri.be\/fr\/categorie\/recettes\/"},{"@type":"ListItem","position":3,"name":"Recettes - Les Friteuses Vintage et Retro","item":"https:\/\/frifri.be\/fr\/categorie\/recettes\/recettes-friteuse-vintageretro\/"},{"@type":"ListItem","position":4,"name":"Choux de Bruxelles r\u00f4tis au petit lard, sauce au citron et au thym"}]},{"@type":"WebSite","@id":"https:\/\/frifri.be\/fr\/#website","url":"https:\/\/frifri.be\/fr\/","name":"Frifri Belgium","description":"frifri Shop Belgium","potentialAction":[{"@type":"SearchAction","target":{"@type":"EntryPoint","urlTemplate":"https:\/\/frifri.be\/fr\/?s={search_term_string}"},"query-input":{"@type":"PropertyValueSpecification","valueRequired":true,"valueName":"search_term_string"}}],"inLanguage":"fr-FR"},{"@type":"Person","@id":"https:\/\/frifri.be\/fr\/#\/schema\/person\/c368916cc18d6127af10cb0a9be9ac19","name":"C\u00e9dric Couvreur","url":"https:\/\/frifri.be\/fr\/author\/cedric\/"}]}},"_links":{"self":[{"href":"https:\/\/frifri.be\/fr\/wp-json\/wp\/v2\/posts\/3214","targetHints":{"allow":["GET"]}}],"collection":[{"href":"https:\/\/frifri.be\/fr\/wp-json\/wp\/v2\/posts"}],"about":[{"href":"https:\/\/frifri.be\/fr\/wp-json\/wp\/v2\/types\/post"}],"author":[{"embeddable":true,"href":"https:\/\/frifri.be\/fr\/wp-json\/wp\/v2\/users\/4"}],"replies":[{"embeddable":true,"href":"https:\/\/frifri.be\/fr\/wp-json\/wp\/v2\/comments?post=3214"}],"version-history":[{"count":1,"href":"https:\/\/frifri.be\/fr\/wp-json\/wp\/v2\/posts\/3214\/revisions"}],"predecessor-version":[{"id":69088,"href":"https:\/\/frifri.be\/fr\/wp-json\/wp\/v2\/posts\/3214\/revisions\/69088"}],"wp:featuredmedia":[{"embeddable":true,"href":"https:\/\/frifri.be\/fr\/wp-json\/wp\/v2\/media\/3215"}],"wp:attachment":[{"href":"https:\/\/frifri.be\/fr\/wp-json\/wp\/v2\/media?parent=3214"}],"wp:term":[{"taxonomy":"category","embeddable":true,"href":"https:\/\/frifri.be\/fr\/wp-json\/wp\/v2\/categories?post=3214"},{"taxonomy":"post_tag","embeddable":true,"href":"https:\/\/frifri.be\/fr\/wp-json\/wp\/v2\/tags?post=3214"}],"curies":[{"name":"wp","href":"https:\/\/api.w.org\/{rel}","templated":true}]}}