{"id":3342,"date":"2019-07-16T16:12:07","date_gmt":"2019-07-16T14:12:07","guid":{"rendered":"https:\/\/frifri.be\/?p=3342"},"modified":"2025-06-03T15:05:25","modified_gmt":"2025-06-03T13:05:25","slug":"frites-de-carottes-en-botte","status":"publish","type":"post","link":"https:\/\/frifri.be\/fr\/recettes\/recettes-friteuse\/frites-de-carottes-en-botte\/","title":{"rendered":"Frites de carottes en botte"},"content":{"rendered":"\n<ol class=\"wp-block-list\"><li>Lavez et \u00e9pluchez les carottes sans couper les fanes <\/li><li>Vous pouvez raccourcir les fanes pour ne laisser qu\u2019un centim\u00e8tre ou deux<\/li><li>S\u00e9chez bien les carottes avec du papier absorbant ou un linge propre<\/li><li>Pr\u00e9chauffez votre friteuse Frifri \u00e0 170\u00b0C<\/li><li>D\u00e8s que le voyant lumineux s\u2019\u00e9teint, disposez vos carottes dans le panier (fanes dehors) et plongez-le dans l\u2019huile<\/li><li>Laissez les frites cuire pendant 5 \u00e0 7 minutes<\/li><li>Relevez le panier hors de l\u2019huile et remuez-le bien <\/li><li>Faites \u00e9goutter le panier sur son support quelques instants et versez les carottes dans un plat recouvert de papier absorbant<\/li><li>Secouez les carottes dans le papier absorbant 3-4 fois et retirez le papier<\/li><li>Salez vos carottes g\u00e9n\u00e9reusement et d\u00e9gustez !<\/li><\/ol>\n\n\n\n<p><em>Vous pouvez \u00e9galement couper vos carottes en fines lamelles et enlever les fanes avant de les frire<\/em>.<\/p>\n\n\n\n<div class=\"wp-block-image\"><figure class=\"aligncenter\"><a href=\"https:\/\/frifri.be\/wp-content\/uploads\/2019\/07\/Frifri_Friteuse_Rece_6_1.jpg\"><img loading=\"lazy\" decoding=\"async\" width=\"1024\" height=\"715\" src=\"https:\/\/frifri.be\/wp-content\/uploads\/2019\/07\/Frifri_Friteuse_Rece_6_1-1024x715.jpg\" alt=\"\" class=\"wp-image-3348\" srcset=\"https:\/\/frifri.be\/wp-content\/uploads\/2019\/07\/Frifri_Friteuse_Rece_6_1-1024x715.jpg 1024w, https:\/\/frifri.be\/wp-content\/uploads\/2019\/07\/Frifri_Friteuse_Rece_6_1-300x209.jpg 300w, https:\/\/frifri.be\/wp-content\/uploads\/2019\/07\/Frifri_Friteuse_Rece_6_1-768x536.jpg 768w, https:\/\/frifri.be\/wp-content\/uploads\/2019\/07\/Frifri_Friteuse_Rece_6_1-400x279.jpg 400w, https:\/\/frifri.be\/wp-content\/uploads\/2019\/07\/Frifri_Friteuse_Rece_6_1-500x349.jpg 500w, https:\/\/frifri.be\/wp-content\/uploads\/2019\/07\/Frifri_Friteuse_Rece_6_1-800x559.jpg 800w, https:\/\/frifri.be\/wp-content\/uploads\/2019\/07\/Frifri_Friteuse_Rece_6_1-64x45.jpg 64w, https:\/\/frifri.be\/wp-content\/uploads\/2019\/07\/Frifri_Friteuse_Rece_6_1.jpg 1600w\" sizes=\"auto, (max-width: 1024px) 100vw, 1024px\" \/><\/a><\/figure><\/div>\n","protected":false},"excerpt":{"rendered":"<p>Lavez et \u00e9pluchez les carottes sans couper les fanes Vous pouvez raccourcir les fanes pour ne&#8230; <span class=\"moreLink\"><a href=\"https:\/\/frifri.be\/fr\/recettes\/recettes-friteuse\/frites-de-carottes-en-botte\/\">+<\/a><\/span><\/p>\n","protected":false},"author":4,"featured_media":3350,"comment_status":"closed","ping_status":"closed","sticky":false,"template":"","format":"standard","meta":{"_acf_changed":false,"footnotes":""},"categories":[269,644],"tags":[],"class_list":["post-3342","post","type-post","status-publish","format-standard","has-post-thumbnail","hentry","category-recettes","category-recettes-friteuse"],"acf":[],"yoast_head":"<!-- This site is optimized with the Yoast SEO plugin v27.3 - https:\/\/yoast.com\/product\/yoast-seo-wordpress\/ -->\n<title>Frites de carottes en botte - Recettes - Les Friteuses - Frifri Belgium<\/title>\n<meta name=\"description\" content=\"Lavez et \u00e9pluchez les carottes sans couper les fanes. Vous pouvez raccourcir les fanes pour ne laisser qu\u2019un centim\u00e8tre ou deux ...\" \/>\n<meta name=\"robots\" content=\"index, follow, max-snippet:-1, max-image-preview:large, max-video-preview:-1\" \/>\n<link rel=\"canonical\" href=\"https:\/\/frifri.be\/fr\/recettes\/recettes-friteuse\/frites-de-carottes-en-botte\/\" \/>\n<meta property=\"og:locale\" content=\"fr_FR\" \/>\n<meta property=\"og:type\" content=\"article\" \/>\n<meta property=\"og:title\" content=\"Frites de carottes en botte - Recettes - Les Friteuses - Frifri Belgium\" \/>\n<meta property=\"og:description\" content=\"Lavez et \u00e9pluchez les carottes sans couper les fanes. Vous pouvez raccourcir les fanes pour ne laisser qu\u2019un centim\u00e8tre ou deux ...\" \/>\n<meta property=\"og:url\" content=\"https:\/\/frifri.be\/fr\/recettes\/recettes-friteuse\/frites-de-carottes-en-botte\/\" \/>\n<meta property=\"og:site_name\" content=\"Frifri Belgium\" \/>\n<meta property=\"article:published_time\" content=\"2019-07-16T14:12:07+00:00\" \/>\n<meta property=\"article:modified_time\" content=\"2025-06-03T13:05:25+00:00\" \/>\n<meta property=\"og:image\" content=\"https:\/\/frifri.be\/wp-content\/uploads\/2019\/07\/Frifri_Friteuse_Rece_6_2.jpg\" \/>\n\t<meta property=\"og:image:width\" content=\"1600\" \/>\n\t<meta property=\"og:image:height\" content=\"1067\" \/>\n\t<meta property=\"og:image:type\" content=\"image\/jpeg\" \/>\n<meta name=\"author\" content=\"C\u00e9dric Couvreur\" \/>\n<meta name=\"twitter:card\" content=\"summary_large_image\" \/>\n<meta name=\"twitter:label1\" content=\"\u00c9crit par\" \/>\n\t<meta name=\"twitter:data1\" content=\"C\u00e9dric Couvreur\" \/>\n\t<meta name=\"twitter:label2\" content=\"Dur\u00e9e de lecture estim\u00e9e\" \/>\n\t<meta name=\"twitter:data2\" content=\"1 minute\" \/>\n<script type=\"application\/ld+json\" class=\"yoast-schema-graph\">{\"@context\":\"https:\\\/\\\/schema.org\",\"@graph\":[{\"@type\":\"Article\",\"@id\":\"https:\\\/\\\/frifri.be\\\/fr\\\/recettes\\\/recettes-friteuse\\\/frites-de-carottes-en-botte\\\/#article\",\"isPartOf\":{\"@id\":\"https:\\\/\\\/frifri.be\\\/fr\\\/recettes\\\/recettes-friteuse\\\/frites-de-carottes-en-botte\\\/\"},\"author\":{\"name\":\"C\u00e9dric Couvreur\",\"@id\":\"https:\\\/\\\/frifri.be\\\/fr\\\/#\\\/schema\\\/person\\\/c368916cc18d6127af10cb0a9be9ac19\"},\"headline\":\"Frites de carottes en botte\",\"datePublished\":\"2019-07-16T14:12:07+00:00\",\"dateModified\":\"2025-06-03T13:05:25+00:00\",\"mainEntityOfPage\":{\"@id\":\"https:\\\/\\\/frifri.be\\\/fr\\\/recettes\\\/recettes-friteuse\\\/frites-de-carottes-en-botte\\\/\"},\"wordCount\":143,\"image\":{\"@id\":\"https:\\\/\\\/frifri.be\\\/fr\\\/recettes\\\/recettes-friteuse\\\/frites-de-carottes-en-botte\\\/#primaryimage\"},\"thumbnailUrl\":\"https:\\\/\\\/frifri.be\\\/wp-content\\\/uploads\\\/2019\\\/07\\\/Frifri_Friteuse_Rece_6_2.jpg\",\"articleSection\":[\"Nos recettes\",\"Recettes - Les Friteuses\"],\"inLanguage\":\"fr-FR\"},{\"@type\":\"WebPage\",\"@id\":\"https:\\\/\\\/frifri.be\\\/fr\\\/recettes\\\/recettes-friteuse\\\/frites-de-carottes-en-botte\\\/\",\"url\":\"https:\\\/\\\/frifri.be\\\/fr\\\/recettes\\\/recettes-friteuse\\\/frites-de-carottes-en-botte\\\/\",\"name\":\"Frites de carottes en botte - Recettes - Les Friteuses - Frifri Belgium\",\"isPartOf\":{\"@id\":\"https:\\\/\\\/frifri.be\\\/fr\\\/#website\"},\"primaryImageOfPage\":{\"@id\":\"https:\\\/\\\/frifri.be\\\/fr\\\/recettes\\\/recettes-friteuse\\\/frites-de-carottes-en-botte\\\/#primaryimage\"},\"image\":{\"@id\":\"https:\\\/\\\/frifri.be\\\/fr\\\/recettes\\\/recettes-friteuse\\\/frites-de-carottes-en-botte\\\/#primaryimage\"},\"thumbnailUrl\":\"https:\\\/\\\/frifri.be\\\/wp-content\\\/uploads\\\/2019\\\/07\\\/Frifri_Friteuse_Rece_6_2.jpg\",\"datePublished\":\"2019-07-16T14:12:07+00:00\",\"dateModified\":\"2025-06-03T13:05:25+00:00\",\"author\":{\"@id\":\"https:\\\/\\\/frifri.be\\\/fr\\\/#\\\/schema\\\/person\\\/c368916cc18d6127af10cb0a9be9ac19\"},\"description\":\"Lavez et \u00e9pluchez les carottes sans couper les fanes. Vous pouvez raccourcir les fanes pour ne laisser qu\u2019un centim\u00e8tre ou deux ...\",\"breadcrumb\":{\"@id\":\"https:\\\/\\\/frifri.be\\\/fr\\\/recettes\\\/recettes-friteuse\\\/frites-de-carottes-en-botte\\\/#breadcrumb\"},\"inLanguage\":\"fr-FR\",\"potentialAction\":[{\"@type\":\"ReadAction\",\"target\":[\"https:\\\/\\\/frifri.be\\\/fr\\\/recettes\\\/recettes-friteuse\\\/frites-de-carottes-en-botte\\\/\"]}]},{\"@type\":\"ImageObject\",\"inLanguage\":\"fr-FR\",\"@id\":\"https:\\\/\\\/frifri.be\\\/fr\\\/recettes\\\/recettes-friteuse\\\/frites-de-carottes-en-botte\\\/#primaryimage\",\"url\":\"https:\\\/\\\/frifri.be\\\/wp-content\\\/uploads\\\/2019\\\/07\\\/Frifri_Friteuse_Rece_6_2.jpg\",\"contentUrl\":\"https:\\\/\\\/frifri.be\\\/wp-content\\\/uploads\\\/2019\\\/07\\\/Frifri_Friteuse_Rece_6_2.jpg\",\"width\":1600,\"height\":1067},{\"@type\":\"BreadcrumbList\",\"@id\":\"https:\\\/\\\/frifri.be\\\/fr\\\/recettes\\\/recettes-friteuse\\\/frites-de-carottes-en-botte\\\/#breadcrumb\",\"itemListElement\":[{\"@type\":\"ListItem\",\"position\":1,\"name\":\"Home\",\"item\":\"https:\\\/\\\/frifri.be\\\/fr\\\/frifri\\\/\"},{\"@type\":\"ListItem\",\"position\":2,\"name\":\"Nos recettes\",\"item\":\"https:\\\/\\\/frifri.be\\\/fr\\\/categorie\\\/recettes\\\/\"},{\"@type\":\"ListItem\",\"position\":3,\"name\":\"Recettes - Les Friteuses\",\"item\":\"https:\\\/\\\/frifri.be\\\/fr\\\/categorie\\\/recettes\\\/recettes-friteuse\\\/\"},{\"@type\":\"ListItem\",\"position\":4,\"name\":\"Frites de carottes en botte\"}]},{\"@type\":\"WebSite\",\"@id\":\"https:\\\/\\\/frifri.be\\\/fr\\\/#website\",\"url\":\"https:\\\/\\\/frifri.be\\\/fr\\\/\",\"name\":\"Frifri Belgium\",\"description\":\"frifri Shop Belgium\",\"potentialAction\":[{\"@type\":\"SearchAction\",\"target\":{\"@type\":\"EntryPoint\",\"urlTemplate\":\"https:\\\/\\\/frifri.be\\\/fr\\\/?s={search_term_string}\"},\"query-input\":{\"@type\":\"PropertyValueSpecification\",\"valueRequired\":true,\"valueName\":\"search_term_string\"}}],\"inLanguage\":\"fr-FR\"},{\"@type\":\"Person\",\"@id\":\"https:\\\/\\\/frifri.be\\\/fr\\\/#\\\/schema\\\/person\\\/c368916cc18d6127af10cb0a9be9ac19\",\"name\":\"C\u00e9dric Couvreur\",\"url\":\"https:\\\/\\\/frifri.be\\\/fr\\\/author\\\/cedric\\\/\"}]}<\/script>\n<!-- \/ Yoast SEO plugin. -->","yoast_head_json":{"title":"Frites de carottes en botte - Recettes - Les Friteuses - Frifri Belgium","description":"Lavez et \u00e9pluchez les carottes sans couper les fanes. Vous pouvez raccourcir les fanes pour ne laisser qu\u2019un centim\u00e8tre ou deux ...","robots":{"index":"index","follow":"follow","max-snippet":"max-snippet:-1","max-image-preview":"max-image-preview:large","max-video-preview":"max-video-preview:-1"},"canonical":"https:\/\/frifri.be\/fr\/recettes\/recettes-friteuse\/frites-de-carottes-en-botte\/","og_locale":"fr_FR","og_type":"article","og_title":"Frites de carottes en botte - Recettes - Les Friteuses - Frifri Belgium","og_description":"Lavez et \u00e9pluchez les carottes sans couper les fanes. Vous pouvez raccourcir les fanes pour ne laisser qu\u2019un centim\u00e8tre ou deux ...","og_url":"https:\/\/frifri.be\/fr\/recettes\/recettes-friteuse\/frites-de-carottes-en-botte\/","og_site_name":"Frifri Belgium","article_published_time":"2019-07-16T14:12:07+00:00","article_modified_time":"2025-06-03T13:05:25+00:00","og_image":[{"width":1600,"height":1067,"url":"https:\/\/frifri.be\/wp-content\/uploads\/2019\/07\/Frifri_Friteuse_Rece_6_2.jpg","type":"image\/jpeg"}],"author":"C\u00e9dric Couvreur","twitter_card":"summary_large_image","twitter_misc":{"\u00c9crit par":"C\u00e9dric Couvreur","Dur\u00e9e de lecture estim\u00e9e":"1 minute"},"schema":{"@context":"https:\/\/schema.org","@graph":[{"@type":"Article","@id":"https:\/\/frifri.be\/fr\/recettes\/recettes-friteuse\/frites-de-carottes-en-botte\/#article","isPartOf":{"@id":"https:\/\/frifri.be\/fr\/recettes\/recettes-friteuse\/frites-de-carottes-en-botte\/"},"author":{"name":"C\u00e9dric Couvreur","@id":"https:\/\/frifri.be\/fr\/#\/schema\/person\/c368916cc18d6127af10cb0a9be9ac19"},"headline":"Frites de carottes en botte","datePublished":"2019-07-16T14:12:07+00:00","dateModified":"2025-06-03T13:05:25+00:00","mainEntityOfPage":{"@id":"https:\/\/frifri.be\/fr\/recettes\/recettes-friteuse\/frites-de-carottes-en-botte\/"},"wordCount":143,"image":{"@id":"https:\/\/frifri.be\/fr\/recettes\/recettes-friteuse\/frites-de-carottes-en-botte\/#primaryimage"},"thumbnailUrl":"https:\/\/frifri.be\/wp-content\/uploads\/2019\/07\/Frifri_Friteuse_Rece_6_2.jpg","articleSection":["Nos recettes","Recettes - Les Friteuses"],"inLanguage":"fr-FR"},{"@type":"WebPage","@id":"https:\/\/frifri.be\/fr\/recettes\/recettes-friteuse\/frites-de-carottes-en-botte\/","url":"https:\/\/frifri.be\/fr\/recettes\/recettes-friteuse\/frites-de-carottes-en-botte\/","name":"Frites de carottes en botte - Recettes - Les Friteuses - Frifri Belgium","isPartOf":{"@id":"https:\/\/frifri.be\/fr\/#website"},"primaryImageOfPage":{"@id":"https:\/\/frifri.be\/fr\/recettes\/recettes-friteuse\/frites-de-carottes-en-botte\/#primaryimage"},"image":{"@id":"https:\/\/frifri.be\/fr\/recettes\/recettes-friteuse\/frites-de-carottes-en-botte\/#primaryimage"},"thumbnailUrl":"https:\/\/frifri.be\/wp-content\/uploads\/2019\/07\/Frifri_Friteuse_Rece_6_2.jpg","datePublished":"2019-07-16T14:12:07+00:00","dateModified":"2025-06-03T13:05:25+00:00","author":{"@id":"https:\/\/frifri.be\/fr\/#\/schema\/person\/c368916cc18d6127af10cb0a9be9ac19"},"description":"Lavez et \u00e9pluchez les carottes sans couper les fanes. Vous pouvez raccourcir les fanes pour ne laisser qu\u2019un centim\u00e8tre ou deux ...","breadcrumb":{"@id":"https:\/\/frifri.be\/fr\/recettes\/recettes-friteuse\/frites-de-carottes-en-botte\/#breadcrumb"},"inLanguage":"fr-FR","potentialAction":[{"@type":"ReadAction","target":["https:\/\/frifri.be\/fr\/recettes\/recettes-friteuse\/frites-de-carottes-en-botte\/"]}]},{"@type":"ImageObject","inLanguage":"fr-FR","@id":"https:\/\/frifri.be\/fr\/recettes\/recettes-friteuse\/frites-de-carottes-en-botte\/#primaryimage","url":"https:\/\/frifri.be\/wp-content\/uploads\/2019\/07\/Frifri_Friteuse_Rece_6_2.jpg","contentUrl":"https:\/\/frifri.be\/wp-content\/uploads\/2019\/07\/Frifri_Friteuse_Rece_6_2.jpg","width":1600,"height":1067},{"@type":"BreadcrumbList","@id":"https:\/\/frifri.be\/fr\/recettes\/recettes-friteuse\/frites-de-carottes-en-botte\/#breadcrumb","itemListElement":[{"@type":"ListItem","position":1,"name":"Home","item":"https:\/\/frifri.be\/fr\/frifri\/"},{"@type":"ListItem","position":2,"name":"Nos recettes","item":"https:\/\/frifri.be\/fr\/categorie\/recettes\/"},{"@type":"ListItem","position":3,"name":"Recettes - Les Friteuses","item":"https:\/\/frifri.be\/fr\/categorie\/recettes\/recettes-friteuse\/"},{"@type":"ListItem","position":4,"name":"Frites de carottes en botte"}]},{"@type":"WebSite","@id":"https:\/\/frifri.be\/fr\/#website","url":"https:\/\/frifri.be\/fr\/","name":"Frifri Belgium","description":"frifri Shop Belgium","potentialAction":[{"@type":"SearchAction","target":{"@type":"EntryPoint","urlTemplate":"https:\/\/frifri.be\/fr\/?s={search_term_string}"},"query-input":{"@type":"PropertyValueSpecification","valueRequired":true,"valueName":"search_term_string"}}],"inLanguage":"fr-FR"},{"@type":"Person","@id":"https:\/\/frifri.be\/fr\/#\/schema\/person\/c368916cc18d6127af10cb0a9be9ac19","name":"C\u00e9dric Couvreur","url":"https:\/\/frifri.be\/fr\/author\/cedric\/"}]}},"_links":{"self":[{"href":"https:\/\/frifri.be\/fr\/wp-json\/wp\/v2\/posts\/3342","targetHints":{"allow":["GET"]}}],"collection":[{"href":"https:\/\/frifri.be\/fr\/wp-json\/wp\/v2\/posts"}],"about":[{"href":"https:\/\/frifri.be\/fr\/wp-json\/wp\/v2\/types\/post"}],"author":[{"embeddable":true,"href":"https:\/\/frifri.be\/fr\/wp-json\/wp\/v2\/users\/4"}],"replies":[{"embeddable":true,"href":"https:\/\/frifri.be\/fr\/wp-json\/wp\/v2\/comments?post=3342"}],"version-history":[{"count":1,"href":"https:\/\/frifri.be\/fr\/wp-json\/wp\/v2\/posts\/3342\/revisions"}],"predecessor-version":[{"id":69071,"href":"https:\/\/frifri.be\/fr\/wp-json\/wp\/v2\/posts\/3342\/revisions\/69071"}],"wp:featuredmedia":[{"embeddable":true,"href":"https:\/\/frifri.be\/fr\/wp-json\/wp\/v2\/media\/3350"}],"wp:attachment":[{"href":"https:\/\/frifri.be\/fr\/wp-json\/wp\/v2\/media?parent=3342"}],"wp:term":[{"taxonomy":"category","embeddable":true,"href":"https:\/\/frifri.be\/fr\/wp-json\/wp\/v2\/categories?post=3342"},{"taxonomy":"post_tag","embeddable":true,"href":"https:\/\/frifri.be\/fr\/wp-json\/wp\/v2\/tags?post=3342"}],"curies":[{"name":"wp","href":"https:\/\/api.w.org\/{rel}","templated":true}]}}